{"id":5545,"date":"2025-05-25T14:24:00","date_gmt":"2025-05-25T12:24:00","guid":{"rendered":"https:\/\/fuvi.org\/2025\/05\/25\/le-monde-ne-doit-pas-detourner-le-regard-rejoignez-nous-dans-la-lutte-pour-la-justice-en-ukraine\/"},"modified":"2025-05-25T14:26:29","modified_gmt":"2025-05-25T12:26:29","slug":"le-monde-ne-doit-pas-detourner-le-regard-rejoignez-nous-dans-la-lutte-pour-la-justice-en-ukraine","status":"publish","type":"post","link":"https:\/\/fuvi.org\/fr\/2025\/05\/25\/le-monde-ne-doit-pas-detourner-le-regard-rejoignez-nous-dans-la-lutte-pour-la-justice-en-ukraine\/","title":{"rendered":"LE MONDE NE DOIT PAS D\u00c9TOURNER LE REGARD : REJOIGNEZ-NOUS DANS LA LUTTE POUR LA JUSTICE EN UKRAINE"},"content":{"rendered":"<p><strong>Depuis plus de trois ans, FUVI (Ukrainian International Volunteer Fund) et l&rsquo;avocat Nicolas Ligneul travaillent sans rel\u00e2che, jour et nuit, pour repr\u00e9senter les victimes ukrainiennes de crimes de guerre et de crimes contre l&rsquo;humanit\u00e9 devant la Cour p\u00e9nale internationale.<\/strong><\/p>\n<p>Ce qui n \u00ab \u00e9tait au d\u00e9part qu&rsquo;une poign\u00e9e de cas s&rsquo;est transform\u00e9 en centaines, et bient\u00f4t en milliers. Chaque t\u00e9moignage, chaque dossier que nous constituons est un cri de justice lanc\u00e9 par un peuple qui endure l&rsquo;impensable : massacres, torture de prisonniers, viols de femmes et d&rsquo;enfants, enl\u00e8vement de dizaines de milliers d&rsquo;enfants ukrainiens par les autorit\u00e9s russes, an\u00e9antissement du patrimoine culturel, d&rsquo;h\u00f4pitaux, de maternit\u00e9s, d \u00bb \u00e9coles, de maisons. <\/p>\n<p>Il ne s&rsquo;agit pas d&rsquo;une \u00ab guerre juste \u00bb.<br \/>\nIl s&rsquo;agit d&rsquo;un g\u00e9nocide.<\/p>\n<p><strong>La Task Force FUVI-Ligneul est une alliance sans pr\u00e9c\u00e9dent de pr\u00e9cision juridique, de d\u00e9termination morale et de solidarit\u00e9 internationale. Notre \u00e9quipe comprend des volontaires fran\u00e7ais, autrichiens, britanniques, suisses, am\u00e9ricains et mexicains. Et surtout, des dizaines de d\u00e9l\u00e9gu\u00e9s ukrainiens de FUVI - des civils devenus d\u00e9fenseurs des droits de l&rsquo;homme - qui travaillent sur le terrain, sous le feu, pour recueillir des preuves dans les villages bombard\u00e9s, les maisons en ruine et les familles endeuill\u00e9es.  <\/strong><\/p>\n<p>Ils le font parce que le silence est une complicit\u00e9.<br \/>\nIls le font parce que la justice ne peut pas attendre.<\/p>\n<p>Mais nous ne pouvons pas le faire seuls.<\/p>\n<p>Pour porter ces affaires devant la CPI, nous avons besoin de fonds - maintenant.<br \/>\nChaque enqu\u00eate, chaque traduction, chaque heure de travail juridique, chaque voyage sur le terrain pour recueillir des t\u00e9moignages sous serment d\u00e9pend de votre soutien.<\/p>\n<p><strong>Si vous \u00eates journaliste, pr\u00eatez-nous votre voix.<\/strong><br \/>\n<strong>Si vous \u00eates un d\u00e9cideur politique, soyez \u00e0 nos c\u00f4t\u00e9s.<\/strong><br \/>\n<strong>Si vous \u00eates un citoyen du monde libre, faites en sorte que votre indignation compte.<\/strong><\/p>\n<p><strong>Contribuez d\u00e8s maintenant \u00e0 l&rsquo;adresse suivante : <a class=\"sDWEFrcVubKuUVGggeBOYqLlgYgPbojOc \" tabindex=\"0\" href=\"http:\/\/www.fuvi.org\/\" target=\"_self\" data-test-app-aware-link=\"\">www.fuvi.org<\/a><\/strong><\/p>\n<p>C&rsquo;est l&rsquo;occasion de transformer la compassion en action, de faire en sorte que les crimes de Poutine ne soient pas oubli\u00e9s, mais qu&rsquo;ils aient des cons\u00e9quences. Que les noms des enfants enlev\u00e9s, des villages ras\u00e9s, des vies vol\u00e9es soient entendus - \u00e0 La Haye et dans l&rsquo;histoire. <\/p>\n<p>Lorsque la justice triomphera, le monde dira que vous n&rsquo;avez pas d\u00e9tourn\u00e9 le regard.<\/p>\n<p><strong>Soutenez la task force FUVI-Ligneul.<\/strong><br \/>\n<strong>Soutenez la lutte pour la justice.<\/strong><br \/>\n<strong>Soutenez l&rsquo;Ukraine.<\/strong><\/p>\n<p><a class=\"sDWEFrcVubKuUVGggeBOYqLlgYgPbojOc \" tabindex=\"0\" href=\"https:\/\/www.linkedin.com\/search\/results\/all\/?keywords=%23justiceforukraine&amp;origin=HASH_TAG_FROM_FEED\" data-test-app-aware-link=\"\"><span aria-hidden=\"true\">hashtag#JusticePourUkraine<\/span><\/a> <a class=\"sDWEFrcVubKuUVGggeBOYqLlgYgPbojOc \" tabindex=\"0\" href=\"https:\/\/www.linkedin.com\/search\/results\/all\/?keywords=%23fuvi&amp;origin=HASH_TAG_FROM_FEED\" data-test-app-aware-link=\"\"><span aria-hidden=\"true\">hashtag#FUVI<\/span><\/a> <a class=\"sDWEFrcVubKuUVGggeBOYqLlgYgPbojOc \" tabindex=\"0\" href=\"https:\/\/www.linkedin.com\/search\/results\/all\/?keywords=%23crowdfundingjustice&amp;origin=HASH_TAG_FROM_FEED\" data-test-app-aware-link=\"\"><span aria-hidden=\"true\">hashtag#CrowdfundingJustice<\/span><\/a> <a class=\"sDWEFrcVubKuUVGggeBOYqLlgYgPbojOc \" tabindex=\"0\" href=\"https:\/\/www.linkedin.com\/search\/results\/all\/?keywords=%23warcrimes&amp;origin=HASH_TAG_FROM_FEED\" data-test-app-aware-link=\"\"><span aria-hidden=\"true\">hashtag#Crimes<\/span><span class=\"visually-hidden\">de guerre<\/span><\/a> <a class=\"sDWEFrcVubKuUVGggeBOYqLlgYgPbojOc \" tabindex=\"0\" href=\"https:\/\/www.linkedin.com\/search\/results\/all\/?keywords=%23icc&amp;origin=HASH_TAG_FROM_FEED\" data-test-app-aware-link=\"\"><span aria-hidden=\"true\">hashtag#ICC<\/span><\/a> <a class=\"sDWEFrcVubKuUVGggeBOYqLlgYgPbojOc \" tabindex=\"0\" href=\"https:\/\/www.linkedin.com\/search\/results\/all\/?keywords=%23stopthegenocide&amp;origin=HASH_TAG_FROM_FEED\" data-test-app-aware-link=\"\"><span aria-hidden=\"true\">hashtag#StopTheGenocide<\/span><\/a> <a class=\"sDWEFrcVubKuUVGggeBOYqLlgYgPbojOc \" tabindex=\"0\" href=\"https:\/\/www.linkedin.com\/search\/results\/all\/?keywords=%23ukrainewillwin&amp;origin=HASH_TAG_FROM_FEED\" data-test-app-aware-link=\"\"><span aria-hidden=\"true\">hashtag#UkraineWillWin<\/span><\/a><\/p>\n<p><a href=\"https:\/\/www.linkedin.com\/posts\/david-piguet%F0%9F%8E%97%EF%B8%8F-5773068a_justiceforukraine-fuvi-crowdfundingjustice-activity-7332372059332689920-0_OU\/?utm_source=share&amp;utm_medium=member_ios&amp;rcm=ACoAABLpL6sB9oY42vw8pbb9eezYdRQiFZsoX1E\"><strong>David Piguet<\/strong><\/a><br \/>\n<a href=\"https:\/\/www.linkedin.com\/posts\/david-piguet%F0%9F%8E%97%EF%B8%8F-5773068a_justiceforukraine-fuvi-crowdfundingjustice-activity-7332372059332689920-0_OU\/?utm_source=share&amp;utm_medium=member_ios&amp;rcm=ACoAABLpL6sB9oY42vw8pbb9eezYdRQiFZsoX1E\">https:\/\/www.linkedin.com\/posts\/david-piguet<\/a><\/p>\n<p><img loading=\"lazy\" decoding=\"async\" class=\"size-medium wp-image-5541 aligncenter\" src=\"https:\/\/fuvi.org\/wp-content\/uploads\/2025\/05\/It-is-the-moment-640x671.jpeg\" alt=\"\" width=\"640\" height=\"671\" srcset=\"https:\/\/fuvi.org\/wp-content\/uploads\/2025\/05\/It-is-the-moment-640x671.jpeg 640w, https:\/\/fuvi.org\/wp-content\/uploads\/2025\/05\/It-is-the-moment-768x805.jpeg 768w, https:\/\/fuvi.org\/wp-content\/uploads\/2025\/05\/It-is-the-moment-320x336.jpeg 320w, https:\/\/fuvi.org\/wp-content\/uploads\/2025\/05\/It-is-the-moment.jpeg 800w\" sizes=\"auto, (max-width: 640px) 100vw, 640px\" \/><\/p>\n","protected":false},"excerpt":{"rendered":"<p>Depuis plus de trois ans, FUVI (Ukrainian International Volunteer Fund) et l&rsquo;avocat Nicolas Ligneul travaillent sans rel\u00e2che, jour et nuit, pour repr\u00e9senter les victimes ukrainiennes de crimes de guerre et de crimes contre l&rsquo;humanit\u00e9 devant la Cour p\u00e9nale internationale. Ce qui n \u00ab \u00e9tait au d\u00e9part qu&rsquo;une poign\u00e9e de cas s&rsquo;est transform\u00e9 en centaines, et&#8230;<\/p>\n","protected":false},"author":3,"featured_media":5542,"comment_status":"closed","ping_status":"open","sticky":false,"template":"","format":"standard","meta":{"footnotes":""},"categories":[2],"tags":[],"class_list":["post-5545","post","type-post","status-publish","format-standard","has-post-thumbnail","hentry","category-journal"],"_links":{"self":[{"href":"https:\/\/fuvi.org\/fr\/wp-json\/wp\/v2\/posts\/5545","targetHints":{"allow":["GET"]}}],"collection":[{"href":"https:\/\/fuvi.org\/fr\/wp-json\/wp\/v2\/posts"}],"about":[{"href":"https:\/\/fuvi.org\/fr\/wp-json\/wp\/v2\/types\/post"}],"author":[{"embeddable":true,"href":"https:\/\/fuvi.org\/fr\/wp-json\/wp\/v2\/users\/3"}],"replies":[{"embeddable":true,"href":"https:\/\/fuvi.org\/fr\/wp-json\/wp\/v2\/comments?post=5545"}],"version-history":[{"count":1,"href":"https:\/\/fuvi.org\/fr\/wp-json\/wp\/v2\/posts\/5545\/revisions"}],"predecessor-version":[{"id":5548,"href":"https:\/\/fuvi.org\/fr\/wp-json\/wp\/v2\/posts\/5545\/revisions\/5548"}],"wp:featuredmedia":[{"embeddable":true,"href":"https:\/\/fuvi.org\/fr\/wp-json\/wp\/v2\/media\/5542"}],"wp:attachment":[{"href":"https:\/\/fuvi.org\/fr\/wp-json\/wp\/v2\/media?parent=5545"}],"wp:term":[{"taxonomy":"category","embeddable":true,"href":"https:\/\/fuvi.org\/fr\/wp-json\/wp\/v2\/categories?post=5545"},{"taxonomy":"post_tag","embeddable":true,"href":"https:\/\/fuvi.org\/fr\/wp-json\/wp\/v2\/tags?post=5545"}],"curies":[{"name":"wp","href":"https:\/\/api.w.org\/{rel}","templated":true}]}}