{"id":5530,"date":"2024-02-20T09:52:19","date_gmt":"2024-02-20T08:52:19","guid":{"rendered":"https:\/\/fuvi.org\/2025\/05\/20\/lempire-frappe-les-nerfs-les-ukrainiens-et-les-nations-autochtones-de-russie-sunissent-contre-le-colonialisme-de-moscou\/"},"modified":"2025-06-03T18:25:28","modified_gmt":"2025-06-03T16:25:28","slug":"lempire-frappe-les-nerfs-les-ukrainiens-et-les-nations-autochtones-de-russie-sunissent-contre-le-colonialisme-de-moscou","status":"publish","type":"post","link":"https:\/\/fuvi.org\/fr\/2024\/02\/20\/lempire-frappe-les-nerfs-les-ukrainiens-et-les-nations-autochtones-de-russie-sunissent-contre-le-colonialisme-de-moscou\/","title":{"rendered":"L&rsquo;EMPIRE FRAPPE LES NERFS : LES UKRAINIENS ET LES NATIONS AUTOCHTONES DE RUSSIE S&rsquo;UNISSENT CONTRE LE COLONIALISME DE MOSCOU"},"content":{"rendered":"<div class=\"xdj266r x11i5rnm xat24cr x1mh8g0r x1vvkbs x126k92a\">\n<h6 dir=\"auto\"><strong>Aujourd&rsquo;hui, 20 mai 2025, \u00e0 Kiev, un acte de r\u00e9sistance historique prend forme. Un m\u00e9morandum de coop\u00e9ration est en train d&rsquo;\u00eatre sign\u00e9 entre Pravy Sektor et la coalition des nations indig\u00e8nes de la F\u00e9d\u00e9ration de Russie, une alliance puissante forg\u00e9e au m\u00e9pris de si\u00e8cles de colonialisme et de violence russes. <\/strong><\/h6>\n<p>&nbsp;<\/p>\n<\/div>\n<div class=\"x11i5rnm xat24cr x1mh8g0r x1vvkbs xtlvy1s x126k92a\">\n<div dir=\"auto\"><strong>Je salue chaleureusement le leadership de notre chef politique, Andriy Tarasenko, et la d\u00e9termination inflexible des mouvements nationaux de Car\u00e9lie, de Tchouvachie, du Daghestan et de la vaste prison des nations contr\u00f4l\u00e9es par Moscou. Ces peuples ont longtemps \u00e9t\u00e9 r\u00e9duits au silence, \u00e0 la conscription et \u00e0 la servitude. Aujourd&rsquo;hui, ils reprennent leur voix et leur avenir.  <\/strong><\/div>\n<div dir=\"auto\"><\/div>\n<\/div>\n<div class=\"x11i5rnm xat24cr x1mh8g0r x1vvkbs xtlvy1s x126k92a\">\n<div dir=\"auto\">En tant que repr\u00e9sentant international de Pravy Sektor, j&rsquo;affirme notre soutien total et actif \u00e0 ce mouvement. Il ne s&rsquo;agit pas seulement d&rsquo;un geste de solidarit\u00e9, mais d&rsquo;un front commun. Le r\u00e9gime de Poutine utilise ces m\u00eames peuples comme chair \u00e0 canon dans ses guerres de conqu\u00eate. Leur lib\u00e9ration est indissociable de la n\u00f4tre.   <\/div>\n<\/div>\n<div class=\"x11i5rnm xat24cr x1mh8g0r x1vvkbs xtlvy1s x126k92a\">\n<div dir=\"auto\">Bien entendu, la machine de propagande russe tremble d\u00e9j\u00e0. RT et d&rsquo;autres m\u00e9dias du Kremlin ont lanc\u00e9 leurs attaques habituelles, nous qualifiant de \u00ab\u00a0nazis\u00a0\u00bb. C&rsquo;est la projection classique d&rsquo;un r\u00e9gime dont les crimes sont trop vastes pour \u00eatre compt\u00e9s : g\u00e9nocide, enl\u00e8vement d&rsquo;enfants, effacement culturel, torture et meurtres de masse - voil\u00e0 le vrai visage du fascisme.  <\/div>\n<div dir=\"auto\"><\/div>\n<\/div>\n<div class=\"x11i5rnm xat24cr x1mh8g0r x1vvkbs xtlvy1s x126k92a\">\n<h3 dir=\"auto\">Qu&rsquo;il soit dit clairement :<\/h3>\n<ul>\n<li dir=\"auto\">Nous ne sommes pas des fascistes.<\/li>\n<li dir=\"auto\">Nous sommes des p\u00e8res, des m\u00e8res, des citoyens, des croyants et des libres penseurs.<\/li>\n<li dir=\"auto\">Nous sommes des Ukrainiens, une nation compos\u00e9e de plus d&rsquo;une centaine d&rsquo;ethnies, unis par la libert\u00e9 et non par la peur.<\/li>\n<li dir=\"auto\">Parmi nous, il y a des chr\u00e9tiens orthodoxes, des gr\u00e9co-catholiques, des juifs, des musulmans, des francs-ma\u00e7ons, des agnostiques et tous ceux qui croient en la dignit\u00e9 et la souverainet\u00e9.<\/li>\n<\/ul>\n<\/div>\n<div class=\"x11i5rnm xat24cr x1mh8g0r x1vvkbs xtlvy1s x126k92a\">\n<div dir=\"auto\"><strong>Le m\u00e9morandum sign\u00e9 aujourd&rsquo;hui est un avertissement aux empires et une promesse aux opprim\u00e9s : nous construisons des alliances que la Russie ne peut plus contenir.<\/strong><\/div>\n<\/div>\n<div class=\"x11i5rnm xat24cr x1mh8g0r x1vvkbs xtlvy1s x126k92a\">\n<div dir=\"auto\">\n<p><strong>Ce n&rsquo;est pas le d\u00e9but d&rsquo;une fin. C&rsquo;est le d\u00e9but d&rsquo;une nouvelle aube. <\/strong><\/p>\n<p>David PIGUET<br \/>\nFUVI 2025<\/p>\n<p><img decoding=\"async\" class=\"aligncenter\" src=\"https:\/\/scontent-cdg4-3.xx.fbcdn.net\/v\/t39.30808-6\/499932450_9760979127312085_8375730429921914394_n.jpg?_nc_cat=110&amp;ccb=1-7&amp;_nc_sid=833d8c&amp;_nc_ohc=Yt5s4XNDeC4Q7kNvwG_HqNm&amp;_nc_oc=AdlVpwH8Yg14XjCVxMJSfMTASC8AE3tdUJuYAOqn7hKTUrf7IXzUQi9iNX1wD9K5N1Iah7_lCiARKO3hy-6V-Wzp&amp;_nc_zt=23&amp;_nc_ht=scontent-cdg4-3.xx&amp;_nc_gid=3_H1ThXls_zkaXmIUTxeOw&amp;oh=00_AfJzgJdSYzSUH8r0UbmMkkn6uFo37yXSvSq1olOrpD-A9g&amp;oe=6831F109\" alt=\"Il peut s'agir d'un graphique repr\u00e9sentant une carte et d'un texte indiquant \"\u0e1b\u0e23\u0e35\u0e21\u0e23\u0e32\u0e32\u0e19\u0e21\u0e01\u0e23\u0e4c Grvat wtO Karelian Pomorie Spelena Russian State National Komi Republicol rals Confederation Siberian Sakha- theUrals Stalbua Yalkuiba Buryatia Green Ukzina Ukraine Transbaikal Re Region Tyva\".\"><\/p>\n<\/div>\n<div dir=\"auto\"><img decoding=\"async\" class=\"aligncenter\" src=\"https:\/\/scontent-cdg4-3.xx.fbcdn.net\/v\/t39.30808-6\/499911613_9760979130645418_4747656617919631345_n.jpg?_nc_cat=111&amp;ccb=1-7&amp;_nc_sid=833d8c&amp;_nc_ohc=KneAUptFVxAQ7kNvwH3aat3&amp;_nc_oc=Adlb0FW6fdNqq9qRGfePIbXZ8wEUxslfL2BP_UFMKA_TYAh36vGrBAB2aW12o2npwUuSx95B-k7ybOM3Sdc1kDWg&amp;_nc_zt=23&amp;_nc_ht=scontent-cdg4-3.xx&amp;_nc_gid=Ab3xmiSlapDGr51fEI5FDA&amp;oh=00_AfIm6qkt7k6mjM0PG16AHXEG7ustBb6__ZLj7IlnvlMsog&amp;oe=68320A3A\" alt=\"Peut \u00eatre une image d'une personne et d'une barbe\"><\/div>\n<div dir=\"auto\"><\/div>\n<div dir=\"auto\"><img decoding=\"async\" class=\"aligncenter\" src=\"https:\/\/scontent-cdg4-1.xx.fbcdn.net\/v\/t39.30808-6\/499663058_9760979353978729_5867871939968031431_n.jpg?_nc_cat=102&amp;ccb=1-7&amp;_nc_sid=833d8c&amp;_nc_ohc=j3bjO9YugtEQ7kNvwGflr0z&amp;_nc_oc=AdnXx_NQsv_K_zyasGbKan88QkOOwYKz-fcZbz8ADu3ImM4YiyhKFZ88ZlBlllkHDi2hzx3NvCQkfwEZCWhuDHvR&amp;_nc_zt=23&amp;_nc_ht=scontent-cdg4-1.xx&amp;_nc_gid=-pcu8c860rMGSsCAvl9Zdw&amp;oh=00_AfI9sJDebxdS0EPeBXIIjdG8GnCq4lR1SFLs8S7Lk2rfUg&amp;oe=6831F638\" alt=\"Peut \u00eatre une image de la Porte de Brandebourg\"><\/div>\n<\/div>\n","protected":false},"excerpt":{"rendered":"<p>Aujourd&rsquo;hui, 20 mai 2025, \u00e0 Kiev, un acte de r\u00e9sistance historique prend forme. Un m\u00e9morandum de coop\u00e9ration est en train d&rsquo;\u00eatre sign\u00e9 entre Pravy Sektor et la coalition des nations indig\u00e8nes de la F\u00e9d\u00e9ration de Russie, une alliance puissante forg\u00e9e au m\u00e9pris de si\u00e8cles de colonialisme et de violence russes. &nbsp; Je salue chaleureusement le&#8230;<\/p>\n","protected":false},"author":3,"featured_media":5527,"comment_status":"closed","ping_status":"open","sticky":false,"template":"","format":"standard","meta":{"footnotes":""},"categories":[2],"tags":[],"class_list":["post-5530","post","type-post","status-publish","format-standard","has-post-thumbnail","hentry","category-journal"],"_links":{"self":[{"href":"https:\/\/fuvi.org\/fr\/wp-json\/wp\/v2\/posts\/5530","targetHints":{"allow":["GET"]}}],"collection":[{"href":"https:\/\/fuvi.org\/fr\/wp-json\/wp\/v2\/posts"}],"about":[{"href":"https:\/\/fuvi.org\/fr\/wp-json\/wp\/v2\/types\/post"}],"author":[{"embeddable":true,"href":"https:\/\/fuvi.org\/fr\/wp-json\/wp\/v2\/users\/3"}],"replies":[{"embeddable":true,"href":"https:\/\/fuvi.org\/fr\/wp-json\/wp\/v2\/comments?post=5530"}],"version-history":[{"count":1,"href":"https:\/\/fuvi.org\/fr\/wp-json\/wp\/v2\/posts\/5530\/revisions"}],"predecessor-version":[{"id":5533,"href":"https:\/\/fuvi.org\/fr\/wp-json\/wp\/v2\/posts\/5530\/revisions\/5533"}],"wp:featuredmedia":[{"embeddable":true,"href":"https:\/\/fuvi.org\/fr\/wp-json\/wp\/v2\/media\/5527"}],"wp:attachment":[{"href":"https:\/\/fuvi.org\/fr\/wp-json\/wp\/v2\/media?parent=5530"}],"wp:term":[{"taxonomy":"category","embeddable":true,"href":"https:\/\/fuvi.org\/fr\/wp-json\/wp\/v2\/categories?post=5530"},{"taxonomy":"post_tag","embeddable":true,"href":"https:\/\/fuvi.org\/fr\/wp-json\/wp\/v2\/tags?post=5530"}],"curies":[{"name":"wp","href":"https:\/\/api.w.org\/{rel}","templated":true}]}}