{"id":5515,"date":"2025-05-19T12:44:52","date_gmt":"2025-05-19T10:44:52","guid":{"rendered":"https:\/\/fuvi.org\/2025\/05\/19\/larmee-russe-bombarde-deliberement-les-hotels-hebergeant-les-journalistes-en-ukraine-selon-rsf-exigeons-justice-pour-les-victimes-de-la-guerre\/"},"modified":"2025-05-19T13:03:49","modified_gmt":"2025-05-19T11:03:49","slug":"larmee-russe-bombarde-deliberement-les-hotels-hebergeant-les-journalistes-en-ukraine-selon-rsf-exigeons-justice-pour-les-victimes-de-la-guerre","status":"publish","type":"post","link":"https:\/\/fuvi.org\/fr\/2025\/05\/19\/larmee-russe-bombarde-deliberement-les-hotels-hebergeant-les-journalistes-en-ukraine-selon-rsf-exigeons-justice-pour-les-victimes-de-la-guerre\/","title":{"rendered":"L&rsquo;arm\u00e9e russe bombarde d\u00e9lib\u00e9r\u00e9ment des h\u00f4tels abritant des journalistes en Ukraine, d\u00e9clare RSF : Demandez justice pour les victimes de crimes de guerre"},"content":{"rendered":"<p class=\"\" data-start=\"336\" data-end=\"667\">Dans un rapport accablant, <strong data-start=\"357\" data-end=\"392\">Reporters sans fronti\u00e8res (RSF)<\/strong> accuse l&rsquo;<strong data-start=\"409\" data-end=\"505\">arm\u00e9e russe de viser d\u00e9lib\u00e9r\u00e9ment des h\u00f4tels en Ukraine connus pour abriter des journalistes<\/strong>. Ces actions, si elles sont v\u00e9rifi\u00e9es, repr\u00e9sentent non seulement une violation flagrante du droit international humanitaire, mais aussi un <strong data-start=\"619\" data-end=\"638\">crime de guerre manifeste<\/strong> qui ne doit pas rester impuni. <\/p>\n<h3 class=\"\" data-start=\"669\" data-end=\"722\">Les journalistes pris pour cible : Un crime de guerre \u00e0 la vue de tous<\/h3>\n<p class=\"\" data-start=\"724\" data-end=\"1085\">Depuis le d\u00e9but de l&rsquo;invasion russe de l&rsquo;Ukraine en f\u00e9vrier 2022, les <strong data-start=\"797\" data-end=\"842\">journalistes ont \u00e9t\u00e9 pris pour cible \u00e0 plusieurs reprises<\/strong>, et nombre d&rsquo;entre eux ont \u00e9t\u00e9 tu\u00e9s, bless\u00e9s ou port\u00e9s disparus. RSF rapporte que plusieurs frappes de missiles et d&rsquo;artillerie ont <strong data-start=\"943\" data-end=\"1014\">directement touch\u00e9 des h\u00f4tels utilis\u00e9s par des \u00e9quipes de m\u00e9dias internationaux et ukrainiens<\/strong>, malgr\u00e9 leur statut de civils prot\u00e9g\u00e9s par les Conventions de Gen\u00e8ve. <\/p>\n<p class=\"\" data-start=\"1087\" data-end=\"1349\">Ces <strong data-start=\"1093\" data-end=\"1139\">attaques d\u00e9lib\u00e9r\u00e9es contre des membres de la presse<\/strong> ne sont pas des incidents isol\u00e9s : elles s&rsquo;inscrivent dans une <strong data-start=\"1186\" data-end=\"1242\">strat\u00e9gie syst\u00e9matique visant \u00e0 r\u00e9duire au silence les reportages ind\u00e9pendants<\/strong> et \u00e0 contr\u00f4ler le r\u00e9cit de la guerre. S&rsquo;en prendre aux journalistes n&rsquo;est pas seulement de la censure. C&rsquo;est <strong data-start=\"1333\" data-end=\"1348\">un crime de guerre<\/strong>.  <\/p>\n<h3 class=\"\" data-start=\"1351\" data-end=\"1412\">Justice pour les victimes des crimes de guerre de la Russie en Ukraine<\/h3>\n<p class=\"\" data-start=\"1414\" data-end=\"1431\">Nous devons lancer un appel :<\/p>\n<ul data-start=\"1433\" data-end=\"1732\">\n<li class=\"\" data-start=\"1433\" data-end=\"1529\">\n<p class=\"\" data-start=\"1435\" data-end=\"1529\"><strong data-start=\"1435\" data-end=\"1481\">Des enqu\u00eates ind\u00e9pendantes et transparentes<\/strong> sur chaque attaque contre des journalistes et des civils.<\/p>\n<\/li>\n<li class=\"\" data-start=\"1530\" data-end=\"1634\">\n<p class=\"\" data-start=\"1532\" data-end=\"1634\"><strong data-start=\"1532\" data-end=\"1593\">La responsabilit\u00e9 des dirigeants militaires et politiques russes<\/strong> qui ont autoris\u00e9 ou permis ces attaques.<\/p>\n<\/li>\n<li class=\"\" data-start=\"1635\" data-end=\"1732\">\n<p class=\"\" data-start=\"1637\" data-end=\"1732\"><strong data-start=\"1637\" data-end=\"1686\">Pression internationale pour prot\u00e9ger les journalistes<\/strong> dans les zones de conflit et faire respecter l&rsquo;\u00c9tat de droit.<\/p>\n<\/li>\n<\/ul>\n<p class=\"\" data-start=\"1734\" data-end=\"2004\">Chaque journaliste tu\u00e9 en Ukraine \u00e9tait <strong data-start=\"1773\" data-end=\"1815\">une voix pour la v\u00e9rit\u00e9 r\u00e9duite au silence par la violence<\/strong>. Chaque mort civile est une trag\u00e9die qui exige justice. Nous devons nous battre non seulement pour la libert\u00e9 de la presse, mais aussi pour les <strong data-start=\"1938\" data-end=\"2003\">droits et la dignit\u00e9 de chaque victime de la guerre brutale men\u00e9e par la Russie<\/strong>.  <\/p>\n<h3 class=\"\" data-start=\"2006\" data-end=\"2048\">Pourquoi il faut s&rsquo;en souvenir et le partager<\/h3>\n<p class=\"\" data-start=\"2050\" data-end=\"2253\">Des mots-cl\u00e9s tels que <strong data-start=\"2067\" data-end=\"2102\">\u00ab\u00a0crimes de guerre russes en Ukraine\u00a0\u00bb<\/strong>, <strong data-start=\"2104\" data-end=\"2132\">\u00ab\u00a0attaques contre les journalistes\u00a0\u00bb<\/strong> et <strong data-start=\"2138\" data-end=\"2167\">\u00ab\u00a0justice pour les victimes de guerre\u00a0\u00bb<\/strong> ne sont pas seulement des termes de r\u00e9f\u00e9rencement - ils rappellent de mani\u00e8re urgente pourquoi le monde ne doit pas d\u00e9tourner le regard.<\/p>\n<p class=\"\" data-start=\"2255\" data-end=\"2425\">Les victimes de cette invasion -<strong data-start=\"2284\" data-end=\"2338\">journalistes, civils, enfants et familles -<\/strong>ne<strong data-start=\"2284\" data-end=\"2338\">doivent<\/strong>jamais \u00eatre oubli\u00e9es. La justice commence par une prise de conscience. Et la prise de conscience commence par vous.  <\/p>\n<p class=\"\" data-start=\"2427\" data-end=\"2499\"><strong data-start=\"2427\" data-end=\"2499\">Exprimez-vous. Partagez cet article. Demandez des comptes. Exigez la justice.   <\/strong><\/p>\n<p><img decoding=\"async\" class=\"aligncenter\" src=\"https:\/\/img.lemde.fr\/2025\/05\/15\/0\/0\/8256\/5504\/664\/0\/75\/0\/0fe77ed_sirius-fs-upload-1-zr7jrumjcg3p-1747325541819-000-36er4yz.jpg\" alt=\"Un h\u00f4tel d\u00e9truit \u00e0 Kramatorsk, dans la r\u00e9gion de Donetsk (Ukraine), le 25 ao\u00fbt 2024. Le bombardement russe avait bless\u00e9 deux journalistes de Reuters, tandis qu'un conseiller en s\u00e9curit\u00e9 travaillant pour l'agence britannique avait \u00e9t\u00e9 tu\u00e9.\"><\/p>\n","protected":false},"excerpt":{"rendered":"<p>Dans un rapport accablant, Reporters sans fronti\u00e8res (RSF) accuse l&rsquo;arm\u00e9e russe de viser d\u00e9lib\u00e9r\u00e9ment des h\u00f4tels en Ukraine connus pour abriter des journalistes. Ces actions, si elles sont v\u00e9rifi\u00e9es, repr\u00e9sentent non seulement une violation flagrante du droit international humanitaire, mais aussi un crime de guerre manifeste qui ne doit pas rester impuni. Les journalistes pris&#8230;<\/p>\n","protected":false},"author":3,"featured_media":5512,"comment_status":"closed","ping_status":"open","sticky":false,"template":"","format":"standard","meta":{"footnotes":""},"categories":[2],"tags":[],"class_list":["post-5515","post","type-post","status-publish","format-standard","has-post-thumbnail","hentry","category-journal"],"_links":{"self":[{"href":"https:\/\/fuvi.org\/fr\/wp-json\/wp\/v2\/posts\/5515","targetHints":{"allow":["GET"]}}],"collection":[{"href":"https:\/\/fuvi.org\/fr\/wp-json\/wp\/v2\/posts"}],"about":[{"href":"https:\/\/fuvi.org\/fr\/wp-json\/wp\/v2\/types\/post"}],"author":[{"embeddable":true,"href":"https:\/\/fuvi.org\/fr\/wp-json\/wp\/v2\/users\/3"}],"replies":[{"embeddable":true,"href":"https:\/\/fuvi.org\/fr\/wp-json\/wp\/v2\/comments?post=5515"}],"version-history":[{"count":1,"href":"https:\/\/fuvi.org\/fr\/wp-json\/wp\/v2\/posts\/5515\/revisions"}],"predecessor-version":[{"id":5519,"href":"https:\/\/fuvi.org\/fr\/wp-json\/wp\/v2\/posts\/5515\/revisions\/5519"}],"wp:featuredmedia":[{"embeddable":true,"href":"https:\/\/fuvi.org\/fr\/wp-json\/wp\/v2\/media\/5512"}],"wp:attachment":[{"href":"https:\/\/fuvi.org\/fr\/wp-json\/wp\/v2\/media?parent=5515"}],"wp:term":[{"taxonomy":"category","embeddable":true,"href":"https:\/\/fuvi.org\/fr\/wp-json\/wp\/v2\/categories?post=5515"},{"taxonomy":"post_tag","embeddable":true,"href":"https:\/\/fuvi.org\/fr\/wp-json\/wp\/v2\/tags?post=5515"}],"curies":[{"name":"wp","href":"https:\/\/api.w.org\/{rel}","templated":true}]}}