{"id":4681,"date":"2025-05-08T10:01:34","date_gmt":"2025-05-08T10:01:34","guid":{"rendered":"https:\/\/fuvi.org\/?p=4681"},"modified":"2025-05-08T10:01:34","modified_gmt":"2025-05-08T10:01:34","slug":"legal-task-force-formations-juridiques-des-delegues-6","status":"publish","type":"post","link":"https:\/\/fuvi.org\/fr\/2025\/05\/08\/legal-task-force-formations-juridiques-des-delegues-6\/","title":{"rendered":"Legal Task Force - Formations juridiques des delegues"},"content":{"rendered":"<p><strong>R\u00e9ception au la Facult\u00e9 de droit de l&rsquo;universit\u00e9 de Cr\u00e9teil dans le cadre du partenariat scientifique promu par la Task-Force Fuvi-Ligneul.<\/strong><\/p>\n","protected":false},"excerpt":{"rendered":"<p>R\u00e9ception au la Facult\u00e9 de droit de l&rsquo;universit\u00e9 de Cr\u00e9teil dans le cadre du partenariat scientifique promu par la Task-Force Fuvi-Ligneul.<\/p>\n","protected":false},"author":3,"featured_media":4622,"comment_status":"closed","ping_status":"open","sticky":false,"template":"","format":"standard","meta":{"footnotes":""},"categories":[3],"tags":[],"class_list":["post-4681","post","type-post","status-publish","format-standard","has-post-thumbnail","hentry","category-events"],"_links":{"self":[{"href":"https:\/\/fuvi.org\/fr\/wp-json\/wp\/v2\/posts\/4681","targetHints":{"allow":["GET"]}}],"collection":[{"href":"https:\/\/fuvi.org\/fr\/wp-json\/wp\/v2\/posts"}],"about":[{"href":"https:\/\/fuvi.org\/fr\/wp-json\/wp\/v2\/types\/post"}],"author":[{"embeddable":true,"href":"https:\/\/fuvi.org\/fr\/wp-json\/wp\/v2\/users\/3"}],"replies":[{"embeddable":true,"href":"https:\/\/fuvi.org\/fr\/wp-json\/wp\/v2\/comments?post=4681"}],"version-history":[{"count":1,"href":"https:\/\/fuvi.org\/fr\/wp-json\/wp\/v2\/posts\/4681\/revisions"}],"predecessor-version":[{"id":4682,"href":"https:\/\/fuvi.org\/fr\/wp-json\/wp\/v2\/posts\/4681\/revisions\/4682"}],"wp:featuredmedia":[{"embeddable":true,"href":"https:\/\/fuvi.org\/fr\/wp-json\/wp\/v2\/media\/4622"}],"wp:attachment":[{"href":"https:\/\/fuvi.org\/fr\/wp-json\/wp\/v2\/media?parent=4681"}],"wp:term":[{"taxonomy":"category","embeddable":true,"href":"https:\/\/fuvi.org\/fr\/wp-json\/wp\/v2\/categories?post=4681"},{"taxonomy":"post_tag","embeddable":true,"href":"https:\/\/fuvi.org\/fr\/wp-json\/wp\/v2\/tags?post=4681"}],"curies":[{"name":"wp","href":"https:\/\/api.w.org\/{rel}","templated":true}]}}