{"id":4578,"date":"2025-05-08T08:49:16","date_gmt":"2025-05-08T08:49:16","guid":{"rendered":"https:\/\/fuvi.org\/?p=4578"},"modified":"2025-05-08T08:49:16","modified_gmt":"2025-05-08T08:49:16","slug":"operation-abri-antibombes-a-izium-une-ecole-maternelle-sous-terre","status":"publish","type":"post","link":"https:\/\/fuvi.org\/fr\/2025\/05\/08\/operation-abri-antibombes-a-izium-une-ecole-maternelle-sous-terre\/","title":{"rendered":"Op\u00e9ration Abri Antibombes \u00e0 Izium : Une \u00c9cole Maternelle Sous Terre"},"content":{"rendered":"<p class=\"\" data-start=\"264\" data-end=\"328\"><strong data-start=\"264\" data-end=\"328\">Au c\u0153ur de la guerre, l\u2019espoir grandit dans les profondeurs.<\/strong><\/p>\n<p class=\"\" data-start=\"330\" data-end=\"630\">Dans la ville d\u2019<strong data-start=\"346\" data-end=\"355\">Izium<\/strong>, situ\u00e9e dans l\u2019est de l\u2019Ukraine, les combats ont laiss\u00e9 des quartiers entiers en ruines. Pourtant, c\u2019est dans les entrailles de la terre que s\u2019est organis\u00e9e l\u2019une des initiatives les plus bouleversantes de ce conflit : une \u00e9cole maternelle install\u00e9e dans un abri antibombes.<\/p>\n<h2 class=\"\" data-start=\"632\" data-end=\"673\">Une salle de classe sous les d\u00e9combres<\/h2>\n<p class=\"\" data-start=\"675\" data-end=\"927\">Lorsque les bombardements ont r\u00e9duit les \u00e9tablissements scolaires \u00e0 n\u00e9ant, les enseignants et les familles ont d\u00e9cid\u00e9 que l\u2019\u00e9ducation ne pouvait pas attendre la paix. Ils ont donc transform\u00e9 un sous-sol fortifi\u00e9 en \u00e9cole improvis\u00e9e pour jeunes enfants.<\/p>\n<p class=\"\" data-start=\"929\" data-end=\"1224\">Avec quelques tapis, des lampes LED et des tableaux peints \u00e0 la main, le lieu s\u2019est peu \u00e0 peu m\u00e9tamorphos\u00e9. On y enseigne les couleurs, les lettres, les chiffres&#8230; mais aussi l\u2019\u00e9coute, le calme, l\u2019espoir. Car dans ce contexte, <strong data-start=\"1157\" data-end=\"1223\">apprendre \u00e0 apprivoiser la peur devient une priorit\u00e9 \u00e9ducative<\/strong>.<\/p>\n<h2 class=\"\" data-start=\"1226\" data-end=\"1276\">Bien plus que des cours : un soutien \u00e9motionnel<\/h2>\n<p class=\"\" data-start=\"1278\" data-end=\"1589\">Encadr\u00e9e par des b\u00e9n\u00e9voles \u2014 enseignants, psychologues, \u00e9ducateurs \u2014 l\u2019\u00e9cole souterraine d\u2019Izium offre un espace de s\u00e9curit\u00e9 et de r\u00e9silience. Chaque activit\u00e9 est pens\u00e9e pour soigner les blessures invisibles : on y dessine des oiseaux pour r\u00eaver de libert\u00e9, on lit des histoires o\u00f9 la lumi\u00e8re triomphe toujours.<\/p>\n<p class=\"\" data-start=\"1591\" data-end=\"1715\">Les enfants, dont beaucoup ont grandi sous les sir\u00e8nes d\u2019alerte, trouvent ici un souffle d\u2019enfance, parfois le tout premier.<\/p>\n<h2 class=\"\" data-start=\"1717\" data-end=\"1746\">Une organisation de survie<\/h2>\n<p class=\"\" data-start=\"1748\" data-end=\"2082\">Faire fonctionner une \u00e9cole dans un abri souterrain est un d\u00e9fi logistique immense. L\u2019approvisionnement en eau, nourriture, \u00e9lectricit\u00e9 et mat\u00e9riel p\u00e9dagogique d\u00e9pend de la solidarit\u00e9 locale et de quelques ONG. Malgr\u00e9 les coupures fr\u00e9quentes, <strong data-start=\"1991\" data-end=\"2047\">les cours continuent \u00e0 la lumi\u00e8re des lampes torches<\/strong>, avec une pers\u00e9v\u00e9rance d\u00e9sarmante.<\/p>\n<h2 class=\"\" data-start=\"2084\" data-end=\"2116\">L\u2019enfance, acte de r\u00e9sistance<\/h2>\n<p class=\"\" data-start=\"2118\" data-end=\"2345\">Cette \u00e9cole maternelle enfouie sous Izium est devenue <strong data-start=\"2172\" data-end=\"2212\">un symbole de r\u00e9sistance silencieuse<\/strong>. Un geste de survie, certes, mais surtout un engagement farouche : pr\u00e9server l\u2019humanit\u00e9 \u00e0 travers ses enfants, m\u00eame sous les bombes.<\/p>\n<p class=\"\" data-start=\"2347\" data-end=\"2468\">Tandis que le monde d\u2019en haut s\u2019effondre, celui d\u2019en bas tente de reconstruire, page apr\u00e8s page, l\u2019id\u00e9e m\u00eame d\u2019un avenir.<\/p>\n<h2 class=\"\" data-start=\"2470\" data-end=\"2507\">Ce que les enfants nous apprennent<\/h2>\n<p class=\"\" data-start=\"2509\" data-end=\"2759\">\u00c0 Izium, les enfants ne sont pas seulement des \u00e9l\u00e8ves. Ils sont aussi des ma\u00eetres d\u2019espoir. Leur capacit\u00e9 \u00e0 rire, chanter, apprendre dans un abri obscur nous rappelle une v\u00e9rit\u00e9 essentielle : <strong data-start=\"2701\" data-end=\"2758\">l\u2019\u00e9ducation est un acte de foi, un refus du d\u00e9sespoir<\/strong>.<\/p>\n<p class=\"\" data-start=\"2766\" data-end=\"2848\"><strong data-start=\"2766\" data-end=\"2848\">Prot\u00e9ger les enfants, m\u00eame dans les sous-sols, c\u2019est d\u00e9j\u00e0 reconstruire demain.<br \/>\n<\/strong><\/p>\n","protected":false},"excerpt":{"rendered":"<p>Au c\u0153ur de la guerre, l\u2019espoir grandit dans les profondeurs. Dans la ville d\u2019Izium, situ\u00e9e dans l\u2019est de l\u2019Ukraine, les combats ont laiss\u00e9 des quartiers entiers en ruines. Pourtant, c\u2019est dans les entrailles de la terre que s\u2019est organis\u00e9e l\u2019une des initiatives les plus bouleversantes de ce conflit : une \u00e9cole maternelle install\u00e9e dans un&#8230;<\/p>\n","protected":false},"author":3,"featured_media":4579,"comment_status":"closed","ping_status":"open","sticky":false,"template":"","format":"standard","meta":{"footnotes":""},"categories":[2],"tags":[],"class_list":["post-4578","post","type-post","status-publish","format-standard","has-post-thumbnail","hentry","category-journal"],"_links":{"self":[{"href":"https:\/\/fuvi.org\/fr\/wp-json\/wp\/v2\/posts\/4578","targetHints":{"allow":["GET"]}}],"collection":[{"href":"https:\/\/fuvi.org\/fr\/wp-json\/wp\/v2\/posts"}],"about":[{"href":"https:\/\/fuvi.org\/fr\/wp-json\/wp\/v2\/types\/post"}],"author":[{"embeddable":true,"href":"https:\/\/fuvi.org\/fr\/wp-json\/wp\/v2\/users\/3"}],"replies":[{"embeddable":true,"href":"https:\/\/fuvi.org\/fr\/wp-json\/wp\/v2\/comments?post=4578"}],"version-history":[{"count":1,"href":"https:\/\/fuvi.org\/fr\/wp-json\/wp\/v2\/posts\/4578\/revisions"}],"predecessor-version":[{"id":4591,"href":"https:\/\/fuvi.org\/fr\/wp-json\/wp\/v2\/posts\/4578\/revisions\/4591"}],"wp:featuredmedia":[{"embeddable":true,"href":"https:\/\/fuvi.org\/fr\/wp-json\/wp\/v2\/media\/4579"}],"wp:attachment":[{"href":"https:\/\/fuvi.org\/fr\/wp-json\/wp\/v2\/media?parent=4578"}],"wp:term":[{"taxonomy":"category","embeddable":true,"href":"https:\/\/fuvi.org\/fr\/wp-json\/wp\/v2\/categories?post=4578"},{"taxonomy":"post_tag","embeddable":true,"href":"https:\/\/fuvi.org\/fr\/wp-json\/wp\/v2\/tags?post=4578"}],"curies":[{"name":"wp","href":"https:\/\/api.w.org\/{rel}","templated":true}]}}