{"id":3918,"date":"2025-05-06T16:53:42","date_gmt":"2025-05-06T16:53:42","guid":{"rendered":"https:\/\/fuvi.org\/?p=3918"},"modified":"2025-05-12T18:37:38","modified_gmt":"2025-05-12T18:37:38","slug":"justice-pour-les-victimes-de-guerre-lhumanite-ne-peut-plus-detourner-le-regard","status":"publish","type":"post","link":"https:\/\/fuvi.org\/fr\/2025\/05\/06\/justice-pour-les-victimes-de-guerre-lhumanite-ne-peut-plus-detourner-le-regard\/","title":{"rendered":"Justice pour les victimes de guerre : l\u2019humanit\u00e9 ne peut plus d\u00e9tourner le regard"},"content":{"rendered":"<p class=\"\" data-start=\"342\" data-end=\"549\">Vladimir Poutine est un meurtrier de masse. Mais il n\u2019est pas le seul \u00e0 porter du sang sur les mains \u2014 le pr\u00e9sident am\u00e9ricain Donald Trump en porte aussi, par complicit\u00e9, par inaction, par cynisme politique.<\/p>\n<p class=\"\" data-start=\"551\" data-end=\"892\">Une fois de plus, cette semaine encore, une bombe russe a frapp\u00e9 une ville ukrainienne. Cette fois, c\u2019\u00e9tait Soumy, dans le nord-est de l\u2019Ukraine. Vingt morts au moins. La semaine derni\u00e8re, c\u2019\u00e9tait Kryvy\u00ef Rih. La semaine pr\u00e9c\u00e9dente, une autre ville. Et ainsi de suite, semaine apr\u00e8s semaine, les attaques s\u2019encha\u00eenent. Les morts s\u2019accumulent.<\/p>\n<p class=\"\" data-start=\"894\" data-end=\"1420\">Certains qualifieront ces paroles de \u00ab discours de haine \u00bb ou d\u2019\u00ab exag\u00e9ration \u00e9motionnelle \u00bb. Mais la v\u00e9rit\u00e9 est l\u00e0, brutale et insoutenable : ce dimanche matin, jour de f\u00eate religieuse en Ukraine, alors que les familles se rendaient \u00e0 l\u2019\u00e9glise, que les enfants marchaient dans les rues avec leurs parents, la Russie a d\u00e9lib\u00e9r\u00e9ment bombard\u00e9 le centre-ville de Soumy. Aucun objectif militaire. Aucun soldat visible. Seulement des civils. Des corps \u00e9tendus sur le trottoir. Un bus de ville, rempli de passagers, vis\u00e9 et d\u00e9truit.<\/p>\n<p class=\"\" data-start=\"1422\" data-end=\"1497\">Et ce n\u2019est pas un cas isol\u00e9. C\u2019est une strat\u00e9gie. Une campagne de terreur.<\/p>\n<p class=\"\" data-start=\"1499\" data-end=\"1629\"><strong data-start=\"1499\" data-end=\"1629\">Ce que cela montre, c\u2019est l\u2019\u00e9chec r\u00e9p\u00e9t\u00e9 de la communaut\u00e9 internationale \u00e0 prot\u00e9ger les plus vuln\u00e9rables. Et cela doit cesser.<\/strong><\/p>\n<p class=\"\" data-start=\"1631\" data-end=\"1913\">Il ne suffit plus de condamner. Il ne suffit plus de compter les morts. Il faut agir. Il faut traduire les coupables en justice. Qu\u2019il s\u2019agisse de dictateurs qui ordonnent les frappes, ou de chefs d\u2019\u00c9tat qui, par leur silence ou leur duplicit\u00e9, permettent \u00e0 ces crimes de continuer.<\/p>\n<p class=\"\" data-start=\"1915\" data-end=\"2183\">Chaque victime civile est un appel \u00e0 l\u2019action. Chaque attaque contre une \u00e9glise, un h\u00f4pital, une \u00e9cole, est une attaque contre notre humanit\u00e9 commune. La justice internationale ne peut pas \u00eatre un luxe r\u00e9serv\u00e9 aux vainqueurs, ni un outil diplomatique \u00e0 usage s\u00e9lectif.<\/p>\n<p class=\"\" data-start=\"2185\" data-end=\"2292\"><strong data-start=\"2185\" data-end=\"2292\">La justice pour les victimes de guerre doit devenir une priorit\u00e9 mondiale. Imm\u00e9diate. Inconditionnelle.<\/strong><\/p>\n<p class=\"\" data-start=\"2294\" data-end=\"2428\">Il est temps que les responsables \u2014 tous les responsables \u2014 r\u00e9pondent de leurs actes devant une justice ind\u00e9pendante et incorruptible.<\/p>\n<p class=\"\" data-start=\"2430\" data-end=\"2560\"><em data-start=\"2430\" data-end=\"2560\">Pour en savoir plus sur la justice internationale et dialoguer avec nos experts, nous vous invitons \u00e0 suivre le lien ci-dessous.<\/em><\/p>\n<p>FUVI<\/p>\n","protected":false},"excerpt":{"rendered":"<p>Vladimir Poutine est un meurtrier de masse. Mais il n\u2019est pas le seul \u00e0 porter du sang sur les mains \u2014 le pr\u00e9sident am\u00e9ricain Donald Trump en porte aussi, par complicit\u00e9, par inaction, par cynisme politique. Une fois de plus, cette semaine encore, une bombe russe a frapp\u00e9 une ville ukrainienne. Cette fois, c\u2019\u00e9tait Soumy,&#8230;<\/p>\n","protected":false},"author":3,"featured_media":3919,"comment_status":"closed","ping_status":"open","sticky":false,"template":"","format":"standard","meta":{"footnotes":""},"categories":[2],"tags":[],"class_list":["post-3918","post","type-post","status-publish","format-standard","has-post-thumbnail","hentry","category-journal"],"_links":{"self":[{"href":"https:\/\/fuvi.org\/fr\/wp-json\/wp\/v2\/posts\/3918","targetHints":{"allow":["GET"]}}],"collection":[{"href":"https:\/\/fuvi.org\/fr\/wp-json\/wp\/v2\/posts"}],"about":[{"href":"https:\/\/fuvi.org\/fr\/wp-json\/wp\/v2\/types\/post"}],"author":[{"embeddable":true,"href":"https:\/\/fuvi.org\/fr\/wp-json\/wp\/v2\/users\/3"}],"replies":[{"embeddable":true,"href":"https:\/\/fuvi.org\/fr\/wp-json\/wp\/v2\/comments?post=3918"}],"version-history":[{"count":3,"href":"https:\/\/fuvi.org\/fr\/wp-json\/wp\/v2\/posts\/3918\/revisions"}],"predecessor-version":[{"id":5478,"href":"https:\/\/fuvi.org\/fr\/wp-json\/wp\/v2\/posts\/3918\/revisions\/5478"}],"wp:featuredmedia":[{"embeddable":true,"href":"https:\/\/fuvi.org\/fr\/wp-json\/wp\/v2\/media\/3919"}],"wp:attachment":[{"href":"https:\/\/fuvi.org\/fr\/wp-json\/wp\/v2\/media?parent=3918"}],"wp:term":[{"taxonomy":"category","embeddable":true,"href":"https:\/\/fuvi.org\/fr\/wp-json\/wp\/v2\/categories?post=3918"},{"taxonomy":"post_tag","embeddable":true,"href":"https:\/\/fuvi.org\/fr\/wp-json\/wp\/v2\/tags?post=3918"}],"curies":[{"name":"wp","href":"https:\/\/api.w.org\/{rel}","templated":true}]}}