{"id":3884,"date":"2025-05-06T15:55:56","date_gmt":"2025-05-06T15:55:56","guid":{"rendered":"https:\/\/fuvi.org\/?p=3884"},"modified":"2025-05-06T15:55:56","modified_gmt":"2025-05-06T15:55:56","slug":"ksenia-karelina-condamnee-a-12-ans-de-prison-pour-haute-trahison-apres-un-don-a-une-ong-pro-ukraine","status":"publish","type":"post","link":"https:\/\/fuvi.org\/fr\/2025\/05\/06\/ksenia-karelina-condamnee-a-12-ans-de-prison-pour-haute-trahison-apres-un-don-a-une-ong-pro-ukraine\/","title":{"rendered":"Ksenia Karelina condamn\u00e9e \u00e0 12 ans de prison pour \u00ab haute trahison \u00bb apr\u00e8s un don \u00e0 une ONG pro-Ukraine"},"content":{"rendered":"<p><strong>Le tribunal r\u00e9gional de Iekaterinbourg, situ\u00e9 dans l\u2019Oural, a rendu son verdict le jeudi 15 ao\u00fbt dans le proc\u00e8s d\u2019une citoyenne russo-am\u00e9ricaine accus\u00e9e de trahison pour un don de quelques dizaines d\u2019euros \u00e0 une association en faveur de l\u2019Ukraine.<\/strong><\/p>\n<p>Originaire de Iekaterinbourg, Ksenia Karelina avait \u00e9migr\u00e9 en Californie il y a plus de dix ans, o\u00f9 elle travaillait dans un salon de beaut\u00e9 \u00e0 Los Angeles. Mari\u00e9e \u00e0 un Am\u00e9ricain, elle avait acquis la nationalit\u00e9 am\u00e9ricaine. En f\u00e9vrier 2024, lors d\u2019une visite \u00e0 ses grands-parents en Russie, elle a \u00e9t\u00e9 arr\u00eat\u00e9e par les autorit\u00e9s russes. Le tribunal l\u2019a accus\u00e9e d\u2019avoir transf\u00e9r\u00e9 environ 51 dollars (47,85 euros) \u00e0 l\u2019organisation non gouvernementale ukraino-am\u00e9ricaine Razom for Ukraine, dans les premiers jours de l\u2019invasion russe en Ukraine.<\/p>\n<p>Selon la cour, ces fonds auraient \u00e9t\u00e9 utilis\u00e9s pour l\u2019achat d\u2019\u00e9quipement m\u00e9dical, d\u2019armes et de munitions pour les forces arm\u00e9es ukrainiennes. Lors du proc\u00e8s, Karelina a reconnu sa culpabilit\u00e9, selon les d\u00e9clarations du tribunal. De son c\u00f4t\u00e9, Razom for Ukraine a ni\u00e9 collecter des fonds pour l\u2019arm\u00e9e ukrainienne, pr\u00e9cisant que son aide militaire se limitait \u00e0 la fourniture de trousses de secours destin\u00e9es aux infirmiers sur le front. L\u2019avocat de Ksenia Karelina, Mikha\u00efl Moucha\u00eflov, a indiqu\u00e9 que sa cliente envisageait de faire \u00ab partiellement appel du verdict \u00bb, selon l\u2019agence de presse Interfax.<\/p>\n<p><strong>Cette condamnation intervient dans un contexte de tensions accrues entre les \u00c9tats-Unis et la Russie, Washington accusant Moscou de cibler d\u00e9lib\u00e9r\u00e9ment des citoyens am\u00e9ricains pour les utiliser comme monnaie d\u2019\u00e9change contre des Russes d\u00e9tenus dans des pays occidentaux.<\/strong>\u00a0Parall\u00e8lement \u00e0 cette affaire, un autre citoyen am\u00e9ricain, Joseph Tater, a \u00e9t\u00e9 condamn\u00e9 \u00e0 quinze jours de d\u00e9tention administrative pour vandalisme. Les autorit\u00e9s russes ont laiss\u00e9 entendre qu\u2019une enqu\u00eate pourrait \u00eatre ouverte sur d\u2019autres infractions pr\u00e9sum\u00e9es.<\/p>\n<p><a href=\"https:\/\/fuvi.org\/adherez-join-%d0%bf%d1%80%d0%b8%d1%94%d0%b4%d0%bd%d0%b0%d1%82%d0%b8%d1%81%d1%8f\/\"><strong>Aidez le combat pour la libert\u00e9 des Ukrainiens et de tous leurs soutiens en adh\u00e9rant \u00e0 FUVI !<\/strong><\/a><\/p>\n","protected":false},"excerpt":{"rendered":"<p>Le tribunal r\u00e9gional de Iekaterinbourg, situ\u00e9 dans l\u2019Oural, a rendu son verdict le jeudi 15 ao\u00fbt dans le proc\u00e8s d\u2019une citoyenne russo-am\u00e9ricaine accus\u00e9e de trahison pour un don de quelques dizaines d\u2019euros \u00e0 une association en faveur de l\u2019Ukraine. Originaire de Iekaterinbourg, Ksenia Karelina avait \u00e9migr\u00e9 en Californie il y a plus de dix ans,&#8230;<\/p>\n","protected":false},"author":3,"featured_media":3885,"comment_status":"closed","ping_status":"open","sticky":false,"template":"","format":"standard","meta":{"footnotes":""},"categories":[2],"tags":[],"class_list":["post-3884","post","type-post","status-publish","format-standard","has-post-thumbnail","hentry","category-journal"],"_links":{"self":[{"href":"https:\/\/fuvi.org\/fr\/wp-json\/wp\/v2\/posts\/3884","targetHints":{"allow":["GET"]}}],"collection":[{"href":"https:\/\/fuvi.org\/fr\/wp-json\/wp\/v2\/posts"}],"about":[{"href":"https:\/\/fuvi.org\/fr\/wp-json\/wp\/v2\/types\/post"}],"author":[{"embeddable":true,"href":"https:\/\/fuvi.org\/fr\/wp-json\/wp\/v2\/users\/3"}],"replies":[{"embeddable":true,"href":"https:\/\/fuvi.org\/fr\/wp-json\/wp\/v2\/comments?post=3884"}],"version-history":[{"count":1,"href":"https:\/\/fuvi.org\/fr\/wp-json\/wp\/v2\/posts\/3884\/revisions"}],"predecessor-version":[{"id":3886,"href":"https:\/\/fuvi.org\/fr\/wp-json\/wp\/v2\/posts\/3884\/revisions\/3886"}],"wp:featuredmedia":[{"embeddable":true,"href":"https:\/\/fuvi.org\/fr\/wp-json\/wp\/v2\/media\/3885"}],"wp:attachment":[{"href":"https:\/\/fuvi.org\/fr\/wp-json\/wp\/v2\/media?parent=3884"}],"wp:term":[{"taxonomy":"category","embeddable":true,"href":"https:\/\/fuvi.org\/fr\/wp-json\/wp\/v2\/categories?post=3884"},{"taxonomy":"post_tag","embeddable":true,"href":"https:\/\/fuvi.org\/fr\/wp-json\/wp\/v2\/tags?post=3884"}],"curies":[{"name":"wp","href":"https:\/\/api.w.org\/{rel}","templated":true}]}}