{"id":3869,"date":"2025-05-06T15:44:59","date_gmt":"2025-05-06T15:44:59","guid":{"rendered":"https:\/\/fuvi.org\/?p=3869"},"modified":"2025-05-06T15:44:59","modified_gmt":"2025-05-06T15:44:59","slug":"fuvi-rend-hommage-aux-travailleurs-medicaux-ukrainiens","status":"publish","type":"post","link":"https:\/\/fuvi.org\/fr\/2025\/05\/06\/fuvi-rend-hommage-aux-travailleurs-medicaux-ukrainiens\/","title":{"rendered":"FUVI rend hommage aux travailleurs m\u00e9dicaux ukrainiens !"},"content":{"rendered":"<p><strong>\u00c0 l\u2019occasion de Journ\u00e9e Nationale des Travailleurs M\u00e9dicaux le 29 juillet, l\u2019Ukraine rend hommage \u00e0 ceux dont le travail inlassable et le d\u00e9vouement sans faille permettent de sauver des vies chaque jour. Les travailleurs m\u00e9dicaux, en particulier ceux qui op\u00e8rent en premi\u00e8re ligne, sont des piliers essentiels dans la lutte pour la survie et la libert\u00e9 de la nation ukrainienne.<\/strong><\/p>\n<p>Dans un contexte de conflit incessant, les m\u00e9decins, infirmiers et tout le personnel m\u00e9dical se sont \u00e9lev\u00e9s comme des phares d\u2019espoir. Leurs efforts vont bien au-del\u00e0 des soins de sant\u00e9 traditionnels. Ils apportent soutien et r\u00e9confort aux bless\u00e9s de guerre, aux victimes de violence et aux communaut\u00e9s d\u00e9vast\u00e9es par les attaques.<\/p>\n<p>La reconnaissance va \u00e9galement aux membres de l\u2019Administration M\u00e9dicale Militaire du SBU, dont le travail exceptionnel a permis de sauver d\u2019innombrables vies parmi les d\u00e9fenseurs de l\u2019Ukraine. Leur comp\u00e9tence, leur d\u00e9vouement et leur pers\u00e9v\u00e9rance sont une source d\u2019inspiration pour tous.<\/p>\n<p>Leur r\u00f4le crucial ne se limite pas seulement \u00e0 la salle d\u2019op\u00e9ration ou aux h\u00f4pitaux de campagne. Ces h\u00e9ros anonymes travaillent sans rel\u00e2che dans des conditions souvent extr\u00eamement difficiles, mettant leur propre vie en danger pour sauver celle des autres. Leur engagement in\u00e9branlable t\u00e9moigne de la force de caract\u00e8re et de la r\u00e9silience qui d\u00e9finissent le peuple ukrainien.<\/p>\n<p>En cette journ\u00e9e sp\u00e9ciale, nous leur adressons nos plus sinc\u00e8res remerciements et un hommage profond. Ils incarnent l\u2019esprit de l\u2019Ukraine : courageux, compatissants et infatigables. Gr\u00e2ce \u00e0 eux, chaque jour apporte une nouvelle chance de vie et d\u2019espoir.<\/p>\n<p>\u00c0 tous les travailleurs m\u00e9dicaux, nous vous disons merci. Vous \u00eates le c\u0153ur battant de la nation ukrainienne, et votre travail h\u00e9ro\u00efque ne sera jamais oubli\u00e9. Que cette journ\u00e9e soit une reconnaissance de vos sacrifices et un rappel de la gratitude \u00e9ternelle de toute l\u2019Ukraine.<\/p>\n","protected":false},"excerpt":{"rendered":"<p>\u00c0 l\u2019occasion de Journ\u00e9e Nationale des Travailleurs M\u00e9dicaux le 29 juillet, l\u2019Ukraine rend hommage \u00e0 ceux dont le travail inlassable et le d\u00e9vouement sans faille permettent de sauver des vies chaque jour. Les travailleurs m\u00e9dicaux, en particulier ceux qui op\u00e8rent en premi\u00e8re ligne, sont des piliers essentiels dans la lutte pour la survie et la&#8230;<\/p>\n","protected":false},"author":3,"featured_media":3870,"comment_status":"closed","ping_status":"open","sticky":false,"template":"","format":"standard","meta":{"footnotes":""},"categories":[2],"tags":[],"class_list":["post-3869","post","type-post","status-publish","format-standard","has-post-thumbnail","hentry","category-journal"],"_links":{"self":[{"href":"https:\/\/fuvi.org\/fr\/wp-json\/wp\/v2\/posts\/3869","targetHints":{"allow":["GET"]}}],"collection":[{"href":"https:\/\/fuvi.org\/fr\/wp-json\/wp\/v2\/posts"}],"about":[{"href":"https:\/\/fuvi.org\/fr\/wp-json\/wp\/v2\/types\/post"}],"author":[{"embeddable":true,"href":"https:\/\/fuvi.org\/fr\/wp-json\/wp\/v2\/users\/3"}],"replies":[{"embeddable":true,"href":"https:\/\/fuvi.org\/fr\/wp-json\/wp\/v2\/comments?post=3869"}],"version-history":[{"count":1,"href":"https:\/\/fuvi.org\/fr\/wp-json\/wp\/v2\/posts\/3869\/revisions"}],"predecessor-version":[{"id":3871,"href":"https:\/\/fuvi.org\/fr\/wp-json\/wp\/v2\/posts\/3869\/revisions\/3871"}],"wp:featuredmedia":[{"embeddable":true,"href":"https:\/\/fuvi.org\/fr\/wp-json\/wp\/v2\/media\/3870"}],"wp:attachment":[{"href":"https:\/\/fuvi.org\/fr\/wp-json\/wp\/v2\/media?parent=3869"}],"wp:term":[{"taxonomy":"category","embeddable":true,"href":"https:\/\/fuvi.org\/fr\/wp-json\/wp\/v2\/categories?post=3869"},{"taxonomy":"post_tag","embeddable":true,"href":"https:\/\/fuvi.org\/fr\/wp-json\/wp\/v2\/tags?post=3869"}],"curies":[{"name":"wp","href":"https:\/\/api.w.org\/{rel}","templated":true}]}}