{"id":1071,"date":"2019-09-24T18:02:01","date_gmt":"2019-09-24T18:02:01","guid":{"rendered":"http:\/\/newstar.bold-themes.com\/magazine\/?p=93"},"modified":"2025-05-08T09:11:59","modified_gmt":"2025-05-08T09:11:59","slug":"ukraine-un-pays-qui-ne-voulait-pas-la-guerre","status":"publish","type":"post","link":"https:\/\/fuvi.org\/fr\/2019\/09\/24\/ukraine-un-pays-qui-ne-voulait-pas-la-guerre\/","title":{"rendered":"Ukraine, un pays qui ne voulait pas la guerre"},"content":{"rendered":"<p><span style=\"font-weight: 400;\">L\u2019Ukraine ne voulait pas la guerre. Elle ne l\u2019a ni provoqu\u00e9e, ni souhait\u00e9e. Et pourtant, le 24 f\u00e9vrier 2022, les chars russes ont franchi ses fronti\u00e8res, les missiles ont d\u00e9chir\u00e9 son ciel, et la violence brutale d\u2019un imp\u00e9rialisme ressuscit\u00e9 s\u2019est abattue sur des civils pris au pi\u00e8ge de l\u2019Histoire.<\/span><\/p>\n<p><span style=\"font-weight: 400;\">Ce que Vladimir Poutine appelle une \u00ab\u00a0op\u00e9ration militaire sp\u00e9ciale\u00a0\u00bb n\u2019est qu\u2019un euph\u00e9misme grotesque pour une invasion arm\u00e9e, une violation flagrante du droit international, et un acte de m\u00e9pris envers la souverainet\u00e9 d\u2019un \u00c9tat libre et ind\u00e9pendant. Derri\u00e8re les discours cyniques du Kremlin, se cache une volont\u00e9 crue : celle de r\u00e9\u00e9crire les fronti\u00e8res \u00e0 coups de bombes, de raviver une nostalgie imp\u00e9riale aux d\u00e9pens de la paix.<\/span><\/p>\n<p><span style=\"font-weight: 400;\">Il faut le dire avec force : la Russie n\u2019a pas \u00e9t\u00e9 provoqu\u00e9e. L\u2019Ukraine ne mena\u00e7ait pas son voisin. Tout au contraire, le peuple ukrainien cherchait \u00e0 s\u2019\u00e9manciper, \u00e0 regarder vers l\u2019Europe, \u00e0 construire une d\u00e9mocratie moderne. C\u2019est pr\u00e9cis\u00e9ment cette volont\u00e9 de libert\u00e9 qui a sign\u00e9 sa condamnation aux yeux d\u2019un pouvoir autoritaire qui ne tol\u00e8re pas l\u2019ind\u00e9pendance \u00e0 sa porte.<\/span><\/p>\n<p><span style=\"font-weight: 400;\">Les cons\u00e9quences humaines sont tragiques. Des milliers de morts, des villes ras\u00e9es, des enfants arrach\u00e9s \u00e0 leurs foyers, une diaspora en exil. Marioupol, Boutcha, Kharkiv&#8230; ces noms r\u00e9sonnent aujourd\u2019hui comme des plaies ouvertes sur la conscience du monde.<\/span><\/p>\n<p><span style=\"font-weight: 400;\">Mais face \u00e0 la barbarie, l\u2019Ukraine a oppos\u00e9 une r\u00e9sistance exemplaire. Son peuple ne s\u2019est pas effondr\u00e9. Il s\u2019est lev\u00e9. Il s\u2019est battu, non seulement pour son territoire, mais pour une id\u00e9e universelle : celle qu\u2019aucune nation ne devrait \u00eatre \u00e9cras\u00e9e par la force.<\/span><\/p>\n<p><span style=\"font-weight: 400;\">Il est imp\u00e9ratif de ne pas c\u00e9der \u00e0 la fatigue m\u00e9diatique, de ne pas banaliser cette guerre. Car chaque jour d\u2019occupation est une insulte au droit, \u00e0 la libert\u00e9, \u00e0 la dignit\u00e9 humaine. Et chaque silence, chaque ambigu\u00eft\u00e9 dans le discours international, renforce l\u2019arrogance d\u2019un r\u00e9gime qui parie sur l\u2019oubli.<\/span><\/p>\n<p><span style=\"font-weight: 400;\">L\u2019Ukraine ne voulait pas la guerre. Mais elle se bat, avec courage, pour la paix. Et ce combat m\u00e9rite plus que notre compassion : il m\u00e9rite notre solidarit\u00e9 sans faille.<\/span><\/p>\n","protected":false},"excerpt":{"rendered":"<p>L\u2019Ukraine ne voulait pas la guerre. Elle ne l\u2019a ni provoqu\u00e9e, ni souhait\u00e9e. Et pourtant, le 24 f\u00e9vrier 2022, les chars russes ont franchi ses fronti\u00e8res, les missiles ont d\u00e9chir\u00e9 son ciel, et la violence brutale d\u2019un imp\u00e9rialisme ressuscit\u00e9 s\u2019est abattue sur des civils pris au pi\u00e8ge de l\u2019Histoire. Ce que Vladimir Poutine appelle une&#8230;<\/p>\n","protected":false},"author":2,"featured_media":4579,"comment_status":"open","ping_status":"open","sticky":false,"template":"","format":"standard","meta":{"footnotes":""},"categories":[2],"tags":[],"class_list":["post-1071","post","type-post","status-publish","format-standard","has-post-thumbnail","hentry","category-journal"],"_links":{"self":[{"href":"https:\/\/fuvi.org\/fr\/wp-json\/wp\/v2\/posts\/1071","targetHints":{"allow":["GET"]}}],"collection":[{"href":"https:\/\/fuvi.org\/fr\/wp-json\/wp\/v2\/posts"}],"about":[{"href":"https:\/\/fuvi.org\/fr\/wp-json\/wp\/v2\/types\/post"}],"author":[{"embeddable":true,"href":"https:\/\/fuvi.org\/fr\/wp-json\/wp\/v2\/users\/2"}],"replies":[{"embeddable":true,"href":"https:\/\/fuvi.org\/fr\/wp-json\/wp\/v2\/comments?post=1071"}],"version-history":[{"count":3,"href":"https:\/\/fuvi.org\/fr\/wp-json\/wp\/v2\/posts\/1071\/revisions"}],"predecessor-version":[{"id":3728,"href":"https:\/\/fuvi.org\/fr\/wp-json\/wp\/v2\/posts\/1071\/revisions\/3728"}],"wp:featuredmedia":[{"embeddable":true,"href":"https:\/\/fuvi.org\/fr\/wp-json\/wp\/v2\/media\/4579"}],"wp:attachment":[{"href":"https:\/\/fuvi.org\/fr\/wp-json\/wp\/v2\/media?parent=1071"}],"wp:term":[{"taxonomy":"category","embeddable":true,"href":"https:\/\/fuvi.org\/fr\/wp-json\/wp\/v2\/categories?post=1071"},{"taxonomy":"post_tag","embeddable":true,"href":"https:\/\/fuvi.org\/fr\/wp-json\/wp\/v2\/tags?post=1071"}],"curies":[{"name":"wp","href":"https:\/\/api.w.org\/{rel}","templated":true}]}}